{"id":1320,"date":"2024-09-05T15:16:58","date_gmt":"2024-09-05T13:16:58","guid":{"rendered":"https:\/\/www.oc-cultura.eu\/?p=1320"},"modified":"2024-09-05T21:59:52","modified_gmt":"2024-09-05T19:59:52","slug":"ecrivains-2024-escrivans-2024","status":"publish","type":"post","link":"https:\/\/www.oc-cultura.eu\/oc-fr\/ecrivains-2024-escrivans-2024\/","title":{"rendered":"\u00c9crivains 2024 \/ Escrivans 2024"},"content":{"rendered":"\n<p><strong>30 ao\u00fbt 2024<\/strong><\/p>\n\n\n\n<p><a href=\"https:\/\/h0k3.mjt.lu\/nl3\/0SiimXnC46EBca9Wy8s8Gg?hl=fr\" target=\"_blank\" rel=\"noreferrer noopener\">Escrivans, una crotzada d'autors<\/a><\/p>\n\n\n\n<p><strong>4 juillet 2024<\/strong><\/p>\n\n\n\n<p><a href=\"https:\/\/h0k3.mjt.lu\/nl3\/M4KEHT99ZJ4KAeR1JyZ3wA?hl=fr\" target=\"_blank\" rel=\"noreferrer noopener\">Escrivans, una crotzada d'autors - Participez \u00e0 l'\u00e9dition 2024 autour de la Science-fiction, le 12\/10<\/a><\/p>\n\n\n\n<p><\/p>\n","protected":false},"excerpt":{"rendered":"<p>30 ao\u00fbt 2024 Escrivans, una crotzada d'autors 4 juillet 2024 Escrivans, una crotzada d'autors - Participez \u00e0 l'\u00e9dition 2024 autour de la Science-fiction, le 12\/10<\/p>\n","protected":false},"author":1,"featured_media":0,"comment_status":"open","ping_status":"open","sticky":false,"template":"","format":"standard","meta":{"_acf_changed":false,"inline_featured_image":false,"footnotes":""},"categories":[70],"tags":[],"class_list":["post-1320","post","type-post","status-publish","format-standard","hentry","category-escrivans-2024"],"acf":[],"yoast_head":"<!-- This site is optimized with the Yoast SEO plugin v27.3 - https:\/\/yoast.com\/product\/yoast-seo-wordpress\/ -->\n<title>\u00c9crivains 2024 \/ Escrivans 2024 - CIRD\u00d2C - Institut occitan de cultura<\/title>\n<meta name=\"robots\" content=\"index, follow, max-snippet:-1, max-image-preview:large, max-video-preview:-1\" \/>\n<link rel=\"canonical\" href=\"https:\/\/www.oc-cultura.eu\/oc-fr\/ecrivains-2024-escrivans-2024\/\" \/>\n<meta property=\"og:locale\" content=\"en_US\" \/>\n<meta property=\"og:type\" content=\"article\" \/>\n<meta property=\"og:title\" content=\"\u00c9crivains 2024 \/ Escrivans 2024 - CIRD\u00d2C - Institut occitan de cultura\" \/>\n<meta property=\"og:description\" content=\"30 ao\u00fbt 2024 Escrivans, una crotzada d&#039;autors 4 juillet 2024 Escrivans, una crotzada d&#039;autors - Participez \u00e0 l&#039;\u00e9dition 2024 autour de la Science-fiction, le 12\/10\" \/>\n<meta property=\"og:url\" content=\"https:\/\/www.oc-cultura.eu\/oc-fr\/ecrivains-2024-escrivans-2024\/\" \/>\n<meta property=\"og:site_name\" content=\"CIRD\u00d2C - Institut occitan de cultura\" \/>\n<meta property=\"article:publisher\" content=\"https:\/\/www.facebook.com\/oc.cultura\/\" \/>\n<meta property=\"article:published_time\" content=\"2024-09-05T13:16:58+00:00\" \/>\n<meta property=\"article:modified_time\" content=\"2024-09-05T19:59:52+00:00\" \/>\n<meta name=\"author\" content=\"Pascal\" \/>\n<meta name=\"twitter:card\" content=\"summary_large_image\" \/>\n<meta name=\"twitter:label1\" content=\"Written by\" \/>\n\t<meta name=\"twitter:data1\" content=\"Pascal\" \/>\n<script type=\"application\/ld+json\" class=\"yoast-schema-graph\">{\"@context\":\"https:\\\/\\\/schema.org\",\"@graph\":[{\"@type\":\"Article\",\"@id\":\"https:\\\/\\\/www.oc-cultura.eu\\\/oc-fr\\\/ecrivains-2024-escrivans-2024\\\/#article\",\"isPartOf\":{\"@id\":\"https:\\\/\\\/www.oc-cultura.eu\\\/oc-fr\\\/ecrivains-2024-escrivans-2024\\\/\"},\"author\":{\"name\":\"Pascal\",\"@id\":\"https:\\\/\\\/www.oc-cultura.eu\\\/oc-fr\\\/#\\\/schema\\\/person\\\/4f6469fd209631ff9c0c77796f8e3f95\"},\"headline\":\"\u00c9crivains 2024 \\\/ Escrivans 2024\",\"datePublished\":\"2024-09-05T13:16:58+00:00\",\"dateModified\":\"2024-09-05T19:59:52+00:00\",\"mainEntityOfPage\":{\"@id\":\"https:\\\/\\\/www.oc-cultura.eu\\\/oc-fr\\\/ecrivains-2024-escrivans-2024\\\/\"},\"wordCount\":24,\"commentCount\":0,\"publisher\":{\"@id\":\"https:\\\/\\\/www.oc-cultura.eu\\\/oc-fr\\\/#organization\"},\"articleSection\":[\"Escrivans 2024\"],\"inLanguage\":\"oc-OC\",\"potentialAction\":[{\"@type\":\"CommentAction\",\"name\":\"Comment\",\"target\":[\"https:\\\/\\\/www.oc-cultura.eu\\\/oc-fr\\\/ecrivains-2024-escrivans-2024\\\/#respond\"]}]},{\"@type\":\"WebPage\",\"@id\":\"https:\\\/\\\/www.oc-cultura.eu\\\/oc-fr\\\/ecrivains-2024-escrivans-2024\\\/\",\"url\":\"https:\\\/\\\/www.oc-cultura.eu\\\/oc-fr\\\/ecrivains-2024-escrivans-2024\\\/\",\"name\":\"\u00c9crivains 2024 \\\/ Escrivans 2024 - CIRD\u00d2C - Institut occitan de cultura\",\"isPartOf\":{\"@id\":\"https:\\\/\\\/www.oc-cultura.eu\\\/oc-fr\\\/#website\"},\"datePublished\":\"2024-09-05T13:16:58+00:00\",\"dateModified\":\"2024-09-05T19:59:52+00:00\",\"breadcrumb\":{\"@id\":\"https:\\\/\\\/www.oc-cultura.eu\\\/oc-fr\\\/ecrivains-2024-escrivans-2024\\\/#breadcrumb\"},\"inLanguage\":\"oc-OC\",\"potentialAction\":[{\"@type\":\"ReadAction\",\"target\":[\"https:\\\/\\\/www.oc-cultura.eu\\\/oc-fr\\\/ecrivains-2024-escrivans-2024\\\/\"]}]},{\"@type\":\"BreadcrumbList\",\"@id\":\"https:\\\/\\\/www.oc-cultura.eu\\\/oc-fr\\\/ecrivains-2024-escrivans-2024\\\/#breadcrumb\",\"itemListElement\":[{\"@type\":\"ListItem\",\"position\":1,\"name\":\"Accueil\",\"item\":\"https:\\\/\\\/www.oc-cultura.eu\\\/oc-fr\\\/\"},{\"@type\":\"ListItem\",\"position\":2,\"name\":\"\u00c9crivains 2024 \\\/ Escrivans 2024\"}]},{\"@type\":\"WebSite\",\"@id\":\"https:\\\/\\\/www.oc-cultura.eu\\\/oc-fr\\\/#website\",\"url\":\"https:\\\/\\\/www.oc-cultura.eu\\\/oc-fr\\\/\",\"name\":\"CIRDOC - Institut occitan de cultura\",\"description\":\"\",\"publisher\":{\"@id\":\"https:\\\/\\\/www.oc-cultura.eu\\\/oc-fr\\\/#organization\"},\"potentialAction\":[{\"@type\":\"SearchAction\",\"target\":{\"@type\":\"EntryPoint\",\"urlTemplate\":\"https:\\\/\\\/www.oc-cultura.eu\\\/oc-fr\\\/?s={search_term_string}\"},\"query-input\":{\"@type\":\"PropertyValueSpecification\",\"valueRequired\":true,\"valueName\":\"search_term_string\"}}],\"inLanguage\":\"oc-OC\"},{\"@type\":\"Organization\",\"@id\":\"https:\\\/\\\/www.oc-cultura.eu\\\/oc-fr\\\/#organization\",\"name\":\"CIRDOC - Institut occitan de cultura\",\"url\":\"https:\\\/\\\/www.oc-cultura.eu\\\/oc-fr\\\/\",\"logo\":{\"@type\":\"ImageObject\",\"inLanguage\":\"oc-OC\",\"@id\":\"https:\\\/\\\/www.oc-cultura.eu\\\/oc-fr\\\/#\\\/schema\\\/logo\\\/image\\\/\",\"url\":\"https:\\\/\\\/www.oc-cultura.eu\\\/wp-content\\\/uploads\\\/2024\\\/07\\\/Logo_CIRDOC-V2.svg\",\"contentUrl\":\"https:\\\/\\\/www.oc-cultura.eu\\\/wp-content\\\/uploads\\\/2024\\\/07\\\/Logo_CIRDOC-V2.svg\",\"width\":\"1024\",\"height\":\"1024\",\"caption\":\"CIRDOC - Institut occitan de cultura\"},\"image\":{\"@id\":\"https:\\\/\\\/www.oc-cultura.eu\\\/oc-fr\\\/#\\\/schema\\\/logo\\\/image\\\/\"},\"sameAs\":[\"https:\\\/\\\/www.facebook.com\\\/oc.cultura\\\/\",\"https:\\\/\\\/www.instagram.com\\\/cirdoc_institut\\\/\",\"https:\\\/\\\/www.linkedin.com\\\/company\\\/cirdocinstitut-occitan-de-cultura\\\/?originalSubdomain=fr\"]},{\"@type\":\"Person\",\"@id\":\"https:\\\/\\\/www.oc-cultura.eu\\\/oc-fr\\\/#\\\/schema\\\/person\\\/4f6469fd209631ff9c0c77796f8e3f95\",\"name\":\"Pascal\",\"image\":{\"@type\":\"ImageObject\",\"inLanguage\":\"oc-OC\",\"@id\":\"https:\\\/\\\/secure.gravatar.com\\\/avatar\\\/43186cf30511b06ef8c0b25e426b0daf0fe0f67f53817357b534c462d7a0cf62?s=96&d=mm&r=g\",\"url\":\"https:\\\/\\\/secure.gravatar.com\\\/avatar\\\/43186cf30511b06ef8c0b25e426b0daf0fe0f67f53817357b534c462d7a0cf62?s=96&d=mm&r=g\",\"contentUrl\":\"https:\\\/\\\/secure.gravatar.com\\\/avatar\\\/43186cf30511b06ef8c0b25e426b0daf0fe0f67f53817357b534c462d7a0cf62?s=96&d=mm&r=g\",\"caption\":\"Pascal\"},\"sameAs\":[\"https:\\\/\\\/www.oc-cultura.eu\"],\"url\":\"https:\\\/\\\/www.oc-cultura.eu\\\/oc-fr\\\/author\\\/pascal\\\/\"}]}<\/script>\n<!-- \/ Yoast SEO plugin. -->","yoast_head_json":{"title":"\u00c9crivains 2024 \/ Escrivans 2024 - CIRD\u00d2C - Institut occitan de cultura","robots":{"index":"index","follow":"follow","max-snippet":"max-snippet:-1","max-image-preview":"max-image-preview:large","max-video-preview":"max-video-preview:-1"},"canonical":"https:\/\/www.oc-cultura.eu\/oc-fr\/ecrivains-2024-escrivans-2024\/","og_locale":"en_US","og_type":"article","og_title":"\u00c9crivains 2024 \/ Escrivans 2024 - CIRD\u00d2C - Institut occitan de cultura","og_description":"30 ao\u00fbt 2024 Escrivans, una crotzada d'autors 4 juillet 2024 Escrivans, una crotzada d'autors - Participez \u00e0 l'\u00e9dition 2024 autour de la Science-fiction, le 12\/10","og_url":"https:\/\/www.oc-cultura.eu\/oc-fr\/ecrivains-2024-escrivans-2024\/","og_site_name":"CIRD\u00d2C - Institut occitan de cultura","article_publisher":"https:\/\/www.facebook.com\/oc.cultura\/","article_published_time":"2024-09-05T13:16:58+00:00","article_modified_time":"2024-09-05T19:59:52+00:00","author":"Pascal","twitter_card":"summary_large_image","twitter_misc":{"Written by":"Pascal"},"schema":{"@context":"https:\/\/schema.org","@graph":[{"@type":"Article","@id":"https:\/\/www.oc-cultura.eu\/oc-fr\/ecrivains-2024-escrivans-2024\/#article","isPartOf":{"@id":"https:\/\/www.oc-cultura.eu\/oc-fr\/ecrivains-2024-escrivans-2024\/"},"author":{"name":"Pascal","@id":"https:\/\/www.oc-cultura.eu\/oc-fr\/#\/schema\/person\/4f6469fd209631ff9c0c77796f8e3f95"},"headline":"\u00c9crivains 2024 \/ Escrivans 2024","datePublished":"2024-09-05T13:16:58+00:00","dateModified":"2024-09-05T19:59:52+00:00","mainEntityOfPage":{"@id":"https:\/\/www.oc-cultura.eu\/oc-fr\/ecrivains-2024-escrivans-2024\/"},"wordCount":24,"commentCount":0,"publisher":{"@id":"https:\/\/www.oc-cultura.eu\/oc-fr\/#organization"},"articleSection":["Escrivans 2024"],"inLanguage":"oc-OC","potentialAction":[{"@type":"CommentAction","name":"Comment","target":["https:\/\/www.oc-cultura.eu\/oc-fr\/ecrivains-2024-escrivans-2024\/#respond"]}]},{"@type":"WebPage","@id":"https:\/\/www.oc-cultura.eu\/oc-fr\/ecrivains-2024-escrivans-2024\/","url":"https:\/\/www.oc-cultura.eu\/oc-fr\/ecrivains-2024-escrivans-2024\/","name":"\u00c9crivains 2024 \/ Escrivans 2024 - CIRD\u00d2C - Institut occitan de cultura","isPartOf":{"@id":"https:\/\/www.oc-cultura.eu\/oc-fr\/#website"},"datePublished":"2024-09-05T13:16:58+00:00","dateModified":"2024-09-05T19:59:52+00:00","breadcrumb":{"@id":"https:\/\/www.oc-cultura.eu\/oc-fr\/ecrivains-2024-escrivans-2024\/#breadcrumb"},"inLanguage":"oc-OC","potentialAction":[{"@type":"ReadAction","target":["https:\/\/www.oc-cultura.eu\/oc-fr\/ecrivains-2024-escrivans-2024\/"]}]},{"@type":"BreadcrumbList","@id":"https:\/\/www.oc-cultura.eu\/oc-fr\/ecrivains-2024-escrivans-2024\/#breadcrumb","itemListElement":[{"@type":"ListItem","position":1,"name":"Accueil","item":"https:\/\/www.oc-cultura.eu\/oc-fr\/"},{"@type":"ListItem","position":2,"name":"\u00c9crivains 2024 \/ Escrivans 2024"}]},{"@type":"WebSite","@id":"https:\/\/www.oc-cultura.eu\/oc-fr\/#website","url":"https:\/\/www.oc-cultura.eu\/oc-fr\/","name":"CIRDOC - Institut occitan de cultura","description":"","publisher":{"@id":"https:\/\/www.oc-cultura.eu\/oc-fr\/#organization"},"potentialAction":[{"@type":"SearchAction","target":{"@type":"EntryPoint","urlTemplate":"https:\/\/www.oc-cultura.eu\/oc-fr\/?s={search_term_string}"},"query-input":{"@type":"PropertyValueSpecification","valueRequired":true,"valueName":"search_term_string"}}],"inLanguage":"oc-OC"},{"@type":"Organization","@id":"https:\/\/www.oc-cultura.eu\/oc-fr\/#organization","name":"CIRDOC - Institut occitan de cultura","url":"https:\/\/www.oc-cultura.eu\/oc-fr\/","logo":{"@type":"ImageObject","inLanguage":"oc-OC","@id":"https:\/\/www.oc-cultura.eu\/oc-fr\/#\/schema\/logo\/image\/","url":"https:\/\/www.oc-cultura.eu\/wp-content\/uploads\/2024\/07\/Logo_CIRDOC-V2.svg","contentUrl":"https:\/\/www.oc-cultura.eu\/wp-content\/uploads\/2024\/07\/Logo_CIRDOC-V2.svg","width":"1024","height":"1024","caption":"CIRDOC - Institut occitan de cultura"},"image":{"@id":"https:\/\/www.oc-cultura.eu\/oc-fr\/#\/schema\/logo\/image\/"},"sameAs":["https:\/\/www.facebook.com\/oc.cultura\/","https:\/\/www.instagram.com\/cirdoc_institut\/","https:\/\/www.linkedin.com\/company\/cirdocinstitut-occitan-de-cultura\/?originalSubdomain=fr"]},{"@type":"Person","@id":"https:\/\/www.oc-cultura.eu\/oc-fr\/#\/schema\/person\/4f6469fd209631ff9c0c77796f8e3f95","name":"Pascal","image":{"@type":"ImageObject","inLanguage":"oc-OC","@id":"https:\/\/secure.gravatar.com\/avatar\/43186cf30511b06ef8c0b25e426b0daf0fe0f67f53817357b534c462d7a0cf62?s=96&d=mm&r=g","url":"https:\/\/secure.gravatar.com\/avatar\/43186cf30511b06ef8c0b25e426b0daf0fe0f67f53817357b534c462d7a0cf62?s=96&d=mm&r=g","contentUrl":"https:\/\/secure.gravatar.com\/avatar\/43186cf30511b06ef8c0b25e426b0daf0fe0f67f53817357b534c462d7a0cf62?s=96&d=mm&r=g","caption":"Pascal"},"sameAs":["https:\/\/www.oc-cultura.eu"],"url":"https:\/\/www.oc-cultura.eu\/oc-fr\/author\/pascal\/"}]}},"_links":{"self":[{"href":"https:\/\/www.oc-cultura.eu\/oc-fr\/wp-json\/wp\/v2\/posts\/1320","targetHints":{"allow":["GET"]}}],"collection":[{"href":"https:\/\/www.oc-cultura.eu\/oc-fr\/wp-json\/wp\/v2\/posts"}],"about":[{"href":"https:\/\/www.oc-cultura.eu\/oc-fr\/wp-json\/wp\/v2\/types\/post"}],"author":[{"embeddable":true,"href":"https:\/\/www.oc-cultura.eu\/oc-fr\/wp-json\/wp\/v2\/users\/1"}],"replies":[{"embeddable":true,"href":"https:\/\/www.oc-cultura.eu\/oc-fr\/wp-json\/wp\/v2\/comments?post=1320"}],"version-history":[{"count":3,"href":"https:\/\/www.oc-cultura.eu\/oc-fr\/wp-json\/wp\/v2\/posts\/1320\/revisions"}],"predecessor-version":[{"id":1330,"href":"https:\/\/www.oc-cultura.eu\/oc-fr\/wp-json\/wp\/v2\/posts\/1320\/revisions\/1330"}],"wp:attachment":[{"href":"https:\/\/www.oc-cultura.eu\/oc-fr\/wp-json\/wp\/v2\/media?parent=1320"}],"wp:term":[{"taxonomy":"category","embeddable":true,"href":"https:\/\/www.oc-cultura.eu\/oc-fr\/wp-json\/wp\/v2\/categories?post=1320"},{"taxonomy":"post_tag","embeddable":true,"href":"https:\/\/www.oc-cultura.eu\/oc-fr\/wp-json\/wp\/v2\/tags?post=1320"}],"curies":[{"name":"wp","href":"https:\/\/api.w.org\/{rel}","templated":true}]}}